{"id":593,"date":"2024-03-29T15:53:22","date_gmt":"2024-03-29T14:53:22","guid":{"rendered":"http:\/\/education-medias-information.ac-nantes.fr\/aveloverslesjeux_dev\/?p=593"},"modified":"2024-04-15T10:50:48","modified_gmt":"2024-04-15T08:50:48","slug":"les-pooteens-et-pooteennes-en-route-vers-les-jeux","status":"publish","type":"post","link":"http:\/\/education-medias-information.ac-nantes.fr\/aveloverslesjeux\/?p=593","title":{"rendered":"Les Po\u00f4t\u00e9ens et Po\u00f4t\u00e9ennes en route vers les Jeux !"},"content":{"rendered":"\n<p>L\u2019objectif est de rallier Gesvres en partant de Saint-Pierre-des-Nids en bicyclette pour y transmettre un fanion comme pour la flamme olympique. Les fanions seront transport\u00e9s \u00e0 Laval. Les \u00e9l\u00e8ves de l&rsquo;\u00e9cole seront accompagn\u00e9s de six parents et deux enseignantes en v\u00e9lo, deux parents en voiture (pour le transport des pique-niques, des v\u00e9los de secours\u2026). Pour la s\u00e9curit\u00e9 des \u00e9l\u00e8ves, les voitures seront plac\u00e9es devant et derri\u00e8re le groupe.<\/p>\n\n\n\n<p>Ainsi, vendredi 17 mai, nos cyclistes po\u00f4t\u00e9ens parcourront 16 km aller-retour sur nos routes de campagne. Mais d&rsquo;ailleurs, d&rsquo;o\u00f9 vient ce nom de \u00ab&nbsp;Po\u00f4t\u00e9en&nbsp;\u00bb pour les habitants de Saint-Pierre-des-Nids ?<\/p>\n\n\n\n<p>Il faut remonter loin dans l&rsquo;histoire, jusqu&rsquo;\u00e0 l&rsquo;Antiquit\u00e9 ! \u00c0 cette \u00e9poque, les Romains ont construit une voie romaine reliant Noviodunum (Jublains) \u00e0 Autricum (Chartres). Sur le trajet de cette voie romaine, il semblerait qu&rsquo;\u00e0 l&#8217;emplacement du Pr\u00e9 de la ville de Saint-Pierre-des-Nids ait exist\u00e9 une villa gallo-romaine. Cette villa \u00e9tait aussi appel\u00e9e \u00ab\u00a0La Potestas de Nidis\u00a0\u00bb\u00a0: \u00ab\u00a0le domaine des nids\u00a0\u00bb en raison des nombreux oiseaux pr\u00e9sents dans le village et autour.<\/p>\n\n\n\n<p>Au fil des si\u00e8cles, le nom \u00ab&nbsp;La Potestas&nbsp;\u00bb s&rsquo;est transform\u00e9 en \u00ab&nbsp;La Po\u00f4t\u00e9e&nbsp;\u00bb. Mais l&rsquo;origine de son nom s&rsquo;est perdue\u2026<\/p>\n\n\n\n<p>En 1928, les membres du conseil municipal proposent de changer le nom de \u00ab\u00a0La Po\u00f4t\u00e9e\u00a0\u00bb en \u00ab\u00a0Saint Pierre des Nids\u00a0\u00bb. Ce qui est, selon eux, plus proche de la r\u00e9alit\u00e9 de la commune avec son \u00e9glise d\u00e9di\u00e9e \u00e0 saint Pierre et ses nombreux oiseaux.<\/p>\n\n\n\n<p>Les habitants ont donc conserv\u00e9 leur nom de Po\u00f4t\u00e9ens et Po\u00f4t\u00e9ennes mais pas la commune !<\/p>\n\n\n\n<p class=\"has-text-align-right\"><em>Les \u00e9l\u00e8ves de CM1 et CM2 de l&rsquo;\u00c9cole Simone Veil, Saint-Pierre-des-Nids.<\/em><\/p>\n","protected":false},"excerpt":{"rendered":"<p>Pour cette ann\u00e9e olympique et paralympique, plusieurs \u00e9coles dont les 30 CM1 et CM2 de l\u2019\u00c9cole de Saint-Pierre-des-Nids participeront au projet d\u00e9partemental \u00ab \u00c0 v\u00e9lo vers les Jeux \u00bb.<\/p>\n","protected":false},"author":1,"featured_media":594,"comment_status":"closed","ping_status":"closed","sticky":false,"template":"","format":"standard","meta":{"cybocfi_hide_featured_image":"yes"},"categories":[7,33],"tags":[],"_links":{"self":[{"href":"http:\/\/education-medias-information.ac-nantes.fr\/aveloverslesjeux\/index.php?rest_route=\/wp\/v2\/posts\/593"}],"collection":[{"href":"http:\/\/education-medias-information.ac-nantes.fr\/aveloverslesjeux\/index.php?rest_route=\/wp\/v2\/posts"}],"about":[{"href":"http:\/\/education-medias-information.ac-nantes.fr\/aveloverslesjeux\/index.php?rest_route=\/wp\/v2\/types\/post"}],"author":[{"embeddable":true,"href":"http:\/\/education-medias-information.ac-nantes.fr\/aveloverslesjeux\/index.php?rest_route=\/wp\/v2\/users\/1"}],"replies":[{"embeddable":true,"href":"http:\/\/education-medias-information.ac-nantes.fr\/aveloverslesjeux\/index.php?rest_route=%2Fwp%2Fv2%2Fcomments&post=593"}],"version-history":[{"count":4,"href":"http:\/\/education-medias-information.ac-nantes.fr\/aveloverslesjeux\/index.php?rest_route=\/wp\/v2\/posts\/593\/revisions"}],"predecessor-version":[{"id":1160,"href":"http:\/\/education-medias-information.ac-nantes.fr\/aveloverslesjeux\/index.php?rest_route=\/wp\/v2\/posts\/593\/revisions\/1160"}],"wp:featuredmedia":[{"embeddable":true,"href":"http:\/\/education-medias-information.ac-nantes.fr\/aveloverslesjeux\/index.php?rest_route=\/wp\/v2\/media\/594"}],"wp:attachment":[{"href":"http:\/\/education-medias-information.ac-nantes.fr\/aveloverslesjeux\/index.php?rest_route=%2Fwp%2Fv2%2Fmedia&parent=593"}],"wp:term":[{"taxonomy":"category","embeddable":true,"href":"http:\/\/education-medias-information.ac-nantes.fr\/aveloverslesjeux\/index.php?rest_route=%2Fwp%2Fv2%2Fcategories&post=593"},{"taxonomy":"post_tag","embeddable":true,"href":"http:\/\/education-medias-information.ac-nantes.fr\/aveloverslesjeux\/index.php?rest_route=%2Fwp%2Fv2%2Ftags&post=593"}],"curies":[{"name":"wp","href":"https:\/\/api.w.org\/{rel}","templated":true}]}}